{"id":11841,"date":"2026-09-01T04:33:54","date_gmt":"2026-09-01T04:33:54","guid":{"rendered":"https:\/\/www.adherbal.com\/?p=11841"},"modified":"2026-09-01T05:35:58","modified_gmt":"2026-09-01T05:35:58","slug":"tuta-nao-era-um-goleador-era-um-craque-da-comunicacao","status":"publish","type":"post","link":"https:\/\/www.adherbal.com\/?p=11841","title":{"rendered":"Tuta n\u00e3o era um goleador; era um craque da comunica\u00e7\u00e3o"},"content":{"rendered":"\n<figure class=\"wp-block-image size-full is-resized\"><a href=\"https:\/\/www.adherbal.com\/wp-content\/uploads\/2026\/09\/Tuta-silencio.jpg\" rel=\"lightbox[11841]\"><img loading=\"lazy\" decoding=\"async\" width=\"640\" height=\"439\" src=\"https:\/\/www.adherbal.com\/wp-content\/uploads\/2026\/09\/Tuta-silencio.jpg\" alt=\"\" class=\"wp-image-11842\" style=\"aspect-ratio:1.4578995178533996;width:468px;height:auto\" srcset=\"https:\/\/www.adherbal.com\/wp-content\/uploads\/2026\/09\/Tuta-silencio.jpg 640w, https:\/\/www.adherbal.com\/wp-content\/uploads\/2026\/09\/Tuta-silencio-300x206.jpg 300w, https:\/\/www.adherbal.com\/wp-content\/uploads\/2026\/09\/Tuta-silencio-499x342.jpg 499w, https:\/\/www.adherbal.com\/wp-content\/uploads\/2026\/09\/Tuta-silencio-399x274.jpg 399w\" sizes=\"auto, (max-width: 640px) 100vw, 640px\" \/><\/a><figcaption class=\"wp-element-caption\"><em>FOTO-ANTONIO COSTA<\/em>\/Tribuna do Paran\u00e1<\/figcaption><\/figure>\n\n\n\n<p class=\"wp-block-paragraph\">Naquele fim de tarde do dia 18 de abril de 2004 o vesti\u00e1rio da Baixada era o lugar mais desconfort\u00e1vel de Curitiba.<\/p>\n\n\n\n<p class=\"wp-block-paragraph\">Como todo vesti\u00e1rio da \u00e9poca era apertado, \u00famido, abafado, fedia a urina, Zig e creolina. Mas ali, naquele momento, tornara-se assustador porque reverberavam pelas paredes de cer\u00e2mica e concreto os gritos que vinham de fora, onde dois mil torcedores enfurecidos amea\u00e7avam os jogadores do Coritiba, em particular o centro avante Tuta, autor de dois gols naquela 3 a 3 que dava o t\u00edtulo paranaense ao alviverde.<\/p>\n\n\n\n<p class=\"wp-block-paragraph\">Do lado de fora e nos corredores de acesso estava a Pol\u00edcia Militar de escudo, cassetete e pistolas de g\u00e1s (que n\u00e3o precisou usar). N\u00e3o foi f\u00e1cil conter aquela multid\u00e3o cega de \u00f3dio que tentava pegar o Tuta. Durante tr\u00eas horas, jogadores e diretores do Coritiba comemoraram o t\u00edtulo com um olho na cerveja, outro na porta. Alguns dispensaram a comemora\u00e7\u00e3o a apenas oraram como crist\u00e3os nas catacumbas.<\/p>\n\n\n\n<p class=\"wp-block-paragraph\">S\u00f3 l\u00e1 pelas 9 da noite foram liberados para o \u00f4nibus que os levaria ao Alto da Gl\u00f3ria. E apenas ent\u00e3o, baixada a adrenalina, avaliaram o risco que aquele vesti\u00e1rio representava.<\/p>\n\n\n\n<p class=\"wp-block-paragraph\">A explos\u00e3o de raiva come\u00e7ou ap\u00f3s o segundo gol de Tuta, de cabe\u00e7a, aos 31\u2019 do segundo tempo, que selava o empate de 3 a 3 e dava o campeonato ao Coxa. O centro-avante, que tinha sido artilheiro rubro negro no campeonato de 1998, correu at\u00e9 a torcida do antigo clube e mandou aquele povo todo calar, com o dedo indicador na boca. A galera devolveu com palavr\u00f5es, alguns tentaram escalar o alambrado.<\/p>\n\n\n\n<p class=\"wp-block-paragraph\">\u201cEu estava mordido com a ingratid\u00e3o deles\u201d, explicou Tuta.<\/p>\n\n\n\n<p class=\"wp-block-paragraph\">Na verdade, uma dupla ingratid\u00e3o: tinha sido xingado o jogo inteiro e, pior, fora apagado da hist\u00f3ria do Atl\u00e9tico. Seu nome e biografia n\u00e3o constavam no site que registrava os jogos, os gols e homenageava os campe\u00f5es de 1998. Para um veterano camisa 9 que vive de gols o esquecimento \u00e9 pior do que a morte.<\/p>\n\n\n\n<p class=\"wp-block-paragraph\">A m\u00e1goa de Tuta com os cartolas rubro negros foi explorada durante a prele\u00e7\u00e3o de Ant\u00f4nio Lopes. O t\u00e9cnico entendia a alma humana desde o tempo de delegado da Pol\u00edcia Civil do Rio de Janeiro. \u201cO que fizeram com Tuta podem fazer com um de voc\u00eas\u201d. Convocou os jogadores a vingar Tuta, o craque esquecido, apagado e humilhado pelo Mario Celso Petralha no site oficial do clube.<\/p>\n\n\n\n<p class=\"wp-block-paragraph\">*<\/p>\n\n\n\n<p class=\"wp-block-paragraph\">Ap\u00f3s a vit\u00f3ria, os jogadores e o \u00e1rbitro Marcos Tadeu da Silva Mafra (antigo jogador do Avai de Florian\u00f3polis) correram para o vesti\u00e1rio.<\/p>\n\n\n\n<p class=\"wp-block-paragraph\">A volta ol\u00edmpica ficou para outro dia.<\/p>\n\n\n\n<p class=\"wp-block-paragraph\">*<\/p>\n\n\n\n<p class=\"wp-block-paragraph\">Era inacredit\u00e1vel o poder de comunica\u00e7\u00e3o no camisa 9 coritibano.<\/p>\n\n\n\n<p class=\"wp-block-paragraph\">Na segunda-feira,todos jornais abriram a primeira p\u00e1gina para a desafiadora foto de Tuta diante da torcida advers\u00e1ria e a manchete: \u201cSil\u00eancio na Baixada\u201d. Analistas dividiam-se entre criticar a provoca\u00e7\u00e3o, e considera-la parte do jogo. \u201cA provoca\u00e7\u00e3o, o sarro, o deboche s\u00e3o o combust\u00edvel do futebol\u201d. Todos reconheciam que Tuta foi hostilizado desde o primeiro minuto do primeiro jogo (2 a 1 para o Coritiba) e elogiavam o oportunismo do centro-avante (que vinha de campanhas vitoriosas no Flamengo e no Palmeiras). Alguns advertiam: isso vai terminar mal. Aquele clima de alt\u00edssima tens\u00e3o que rodeava o cl\u00e1ssico podia degenerar em viol\u00eancia incontrol\u00e1vel.<\/p>\n\n\n\n<p class=\"wp-block-paragraph\">Era um bicampeonato merecido. O presidente Giovani Gionedis conseguiu reunir o melhor grupo de jogadores em duas d\u00e9cadas. N\u00e3o era pouco, por exemplo, ter na zaga Reginaldo Nascimento, Miranda e Adriano.<\/p>\n\n\n\n<p class=\"wp-block-paragraph\">*<\/p>\n\n\n\n<p class=\"wp-block-paragraph\">Nascimento, o \u201ccapit\u00e3o\u201d Nascimento, 338 jogos pelo Coxa, \u00e9 um exemplo de lideran\u00e7a usado pela diretoria \u2013 primeiro do clube, agora da SAF \u2013 para coordenar as coisas entre o time de cima e as divis\u00f5es de base.<\/p>\n\n\n\n<p class=\"wp-block-paragraph\">Mas \u00e9 tamb\u00e9m um pretexto para falar na f\u00e1brica de craques instalada pela fam\u00edlia Matsubara em Cambar\u00e1, no Norte do Paran\u00e1. Imagine, leitor, o surgimento no meio daquelas planta\u00e7\u00f5es de algod\u00e3o, de uma Vila Ol\u00edmpica modelo. Cinco campos de futebol com dimens\u00f5es FIFA, gin\u00e1sio bem equipado, piscinas regenerativas, Foi o primeiro a usar scout para identificar talentos em todo Brasil. Oferecia quase tudo que existe hoje \u2013 departamento m\u00e9dico e odontol\u00f3gico, nutricionista, fisioterapeuta, hotelaria, escola a cerca de 100 garotos peneirados em v\u00e1rios estados.<\/p>\n\n\n\n<p class=\"wp-block-paragraph\">E possu\u00eda uma capacidade que poucos clubes hoje possuem \u2013 a de pensar no m\u00e9dio e no longo prazo. Outro dia, ouvi de novo uma entrevista do craque Alex no podcast Carneiro &amp; Mafuz, em que ele define a decis\u00e3o mais dif\u00edcil dos executivos do futebol. \u201cVoc\u00ea tem um garoto de 16 anos, com tudo para ser craque. E voc\u00ea pode optar em investir nele para compor um elenco que vai conquistar campeonatos e ta\u00e7as para o clube; ou voc\u00ea, diferentemente, trabalhar o garoto para se tornar um produto na prateleira e ser vendido com lucro dali a um ano. O Mateus Cunha, hoje no Manchester United, \u00e9 um exemplo da segunda vis\u00e3o: veio para o Coritiba em 2014, morou tr\u00eas anos nos alojamentos do Est\u00e1dio Couto Pereira, fez sucesso na Copa S\u00e3o Paulo e foi vendido para o Sion, da Sui\u00e7a, por 700 mil reais. O United pagou por ele 74 milh\u00f5es de euros.<\/p>\n\n\n\n<p class=\"wp-block-paragraph\">Os donos do Matsubara tinham vis\u00e3o de longo prazo. Mantiveram o mesmo Diretor Esportivo Luis Carlos de Oliveira, o Bol\u00e3o, durante 13 anos. E a mesma equipe de apoio. E produziram, al\u00e9m de Reginaldo Nascimento e Miranda, craques como Nilmar (Internacional), Carlos Alberto Dias (Botafogo, Vasco e Coritiba), Toninho Carlos (Santos dos anos 1980).<\/p>\n\n\n\n<p class=\"wp-block-paragraph\">Pena que o Matsubara n\u00e3o era uma empresa esportiva. Desintegrou-se com a doen\u00e7a do algod\u00e3o. As plantas eram destru\u00eddas por uma praga do besouro chamado Bicudo. O patriarca, &nbsp;Sueo Matsubara teve que desistir do futebol. Os campos de treinamento abandonados viraram capinzais. Os edif\u00edcio sem manuten\u00e7\u00e3o est\u00e3o em ruinas. S\u00f3 sobrou, em mau estado, o Est\u00e1dio Regional Vicente de Carvalho, onde o Matsubara mandava seus jogos profissionais, constru\u00eddo pela comunidade de Cambar\u00e1. O espa\u00e7o recebe alguma manuten\u00e7\u00e3o da prefeitura e de antigos funcion\u00e1rios do clube para acolher jogos de equipes amadoras e eventos locais.,<\/p>\n\n\n\n<p class=\"wp-block-paragraph\">*<\/p>\n\n\n\n<p class=\"wp-block-paragraph\">Miranda era o zagueiro alto e \u00e1gil, firme e frio, com t\u00e9cnica para dominar uma bola na \u00e1rea e em vez do chut\u00e3o, livrar-se do advers\u00e1rio com um drible seco e avan\u00e7ar para o meio do campo encaminhando a transi\u00e7\u00e3o. Depois do Coritiba, foi tricampe\u00e3o pelo S\u00e3o Paulo e supercraque do Atl\u00e9tico de Madri.<\/p>\n\n\n\n<p class=\"wp-block-paragraph\">Gosto muito da carreira de Adriano, zagueiro e ala moderno que come\u00e7ou no futsal (AABB), formou-se no Paran\u00e1 Clube, veio para o Coritiba com 17 anos. Era admirado por Pep Guardiola, que foi busca-lo no Sevilha para viver seis anos de ouro no Barcelona. Saiu de l\u00e1 com duas Ligas dos Campe\u00f5es, dois Mundiais de Clubes e quatro t\u00edtulos da La Liga.<\/p>\n\n\n\n<p class=\"wp-block-paragraph\">Aquele Coritiba de 2004 tinha quatro oper\u00e1rios no meio campo: Ataliba, M\u00e1rcio Eg\u00eddio, Capixaba e Luis M\u00e1rio. No ataque, o craque Aristizabal, maior artilheiro do futebol colombiano e pe\u00e7a fundamental da Tr\u00edplice Coroa conquistada pelo Cruzeiro em 2003.<\/p>\n\n\n\n<p class=\"wp-block-paragraph\">&nbsp;*<\/p>\n\n\n\n<p class=\"wp-block-paragraph\">Tuta n\u00e3o jogava sozinho.<\/p>\n","protected":false},"excerpt":{"rendered":"<p>Naquele fim de tarde do dia 18 de abril de 2004 o vesti\u00e1rio da Baixada era o lugar mais desconfort\u00e1vel de Curitiba. Como todo vesti\u00e1rio da \u00e9poca era apertado, \u00famido, abafado, fedia a urina, Zig e creolina. Mas ali, naquele &hellip; <a href=\"https:\/\/www.adherbal.com\/?p=11841\">Continue lendo <span class=\"meta-nav\">&rarr;<\/span><\/a><\/p>\n","protected":false},"author":1,"featured_media":0,"comment_status":"open","ping_status":"open","sticky":false,"template":"","format":"standard","meta":{"footnotes":""},"categories":[1],"tags":[],"class_list":["post-11841","post","type-post","status-publish","format-standard","hentry","category-sem-categoria"],"_links":{"self":[{"href":"https:\/\/www.adherbal.com\/index.php?rest_route=\/wp\/v2\/posts\/11841","targetHints":{"allow":["GET"]}}],"collection":[{"href":"https:\/\/www.adherbal.com\/index.php?rest_route=\/wp\/v2\/posts"}],"about":[{"href":"https:\/\/www.adherbal.com\/index.php?rest_route=\/wp\/v2\/types\/post"}],"author":[{"embeddable":true,"href":"https:\/\/www.adherbal.com\/index.php?rest_route=\/wp\/v2\/users\/1"}],"replies":[{"embeddable":true,"href":"https:\/\/www.adherbal.com\/index.php?rest_route=%2Fwp%2Fv2%2Fcomments&post=11841"}],"version-history":[{"count":3,"href":"https:\/\/www.adherbal.com\/index.php?rest_route=\/wp\/v2\/posts\/11841\/revisions"}],"predecessor-version":[{"id":11850,"href":"https:\/\/www.adherbal.com\/index.php?rest_route=\/wp\/v2\/posts\/11841\/revisions\/11850"}],"wp:attachment":[{"href":"https:\/\/www.adherbal.com\/index.php?rest_route=%2Fwp%2Fv2%2Fmedia&parent=11841"}],"wp:term":[{"taxonomy":"category","embeddable":true,"href":"https:\/\/www.adherbal.com\/index.php?rest_route=%2Fwp%2Fv2%2Fcategories&post=11841"},{"taxonomy":"post_tag","embeddable":true,"href":"https:\/\/www.adherbal.com\/index.php?rest_route=%2Fwp%2Fv2%2Ftags&post=11841"}],"curies":[{"name":"wp","href":"https:\/\/api.w.org\/{rel}","templated":true}]}}